{"id":6680,"date":"2013-05-18T08:00:27","date_gmt":"2013-05-18T06:00:27","guid":{"rendered":"http:\/\/www.griechische-gemeinde-koeln.de\/?p=6680"},"modified":"2013-05-17T18:17:57","modified_gmt":"2013-05-17T16:17:57","slug":"verbraucherschutzministerkonferenz-schnelle-nachbesserung-bei-busgeld-portalen-fur-verstose-gegen-lebens-und-futtermittel","status":"publish","type":"post","link":"https:\/\/www.griechische-gemeinde-koeln.de\/gr\/verbraucherschutzministerkonferenz-schnelle-nachbesserung-bei-busgeld-portalen-fur-verstose-gegen-lebens-und-futtermittel\/","title":{"rendered":"(Deutsch) Verbraucherschutzministerkonferenz: Schnelle Nachbesserung bei Bu\u00dfgeld-Portalen f\u00fcr Verst\u00f6\u00dfe gegen Lebens- und Futtermittel"},"content":{"rendered":"<p class=\"qtranxs-available-languages-message qtranxs-available-languages-message-gr\">Leider ist der Eintrag nur auf <a href=\"https:\/\/www.griechische-gemeinde-koeln.de\/de\/wp-json\/wp\/v2\/posts\/6680\" class=\"qtranxs-available-language-link qtranxs-available-language-link-de\" title=\"Deutsch\">Deutsch<\/a> verf\u00fcgbar.<\/p>","protected":false},"excerpt":{"rendered":"<p>Leider ist der Eintrag nur auf Deutsch verf\u00fcgbar.<\/p>\n","protected":false},"author":5,"featured_media":0,"comment_status":"closed","ping_status":"closed","sticky":false,"template":"","format":"standard","meta":{"footnotes":""},"categories":[1],"tags":[],"class_list":["post-6680","post","type-post","status-publish","format-standard","hentry","category-allgemein"],"_links":{"self":[{"href":"https:\/\/www.griechische-gemeinde-koeln.de\/gr\/wp-json\/wp\/v2\/posts\/6680","targetHints":{"allow":["GET"]}}],"collection":[{"href":"https:\/\/www.griechische-gemeinde-koeln.de\/gr\/wp-json\/wp\/v2\/posts"}],"about":[{"href":"https:\/\/www.griechische-gemeinde-koeln.de\/gr\/wp-json\/wp\/v2\/types\/post"}],"author":[{"embeddable":true,"href":"https:\/\/www.griechische-gemeinde-koeln.de\/gr\/wp-json\/wp\/v2\/users\/5"}],"replies":[{"embeddable":true,"href":"https:\/\/www.griechische-gemeinde-koeln.de\/gr\/wp-json\/wp\/v2\/comments?post=6680"}],"version-history":[{"count":7,"href":"https:\/\/www.griechische-gemeinde-koeln.de\/gr\/wp-json\/wp\/v2\/posts\/6680\/revisions"}],"predecessor-version":[{"id":6688,"href":"https:\/\/www.griechische-gemeinde-koeln.de\/gr\/wp-json\/wp\/v2\/posts\/6680\/revisions\/6688"}],"wp:attachment":[{"href":"https:\/\/www.griechische-gemeinde-koeln.de\/gr\/wp-json\/wp\/v2\/media?parent=6680"}],"wp:term":[{"taxonomy":"category","embeddable":true,"href":"https:\/\/www.griechische-gemeinde-koeln.de\/gr\/wp-json\/wp\/v2\/categories?post=6680"},{"taxonomy":"post_tag","embeddable":true,"href":"https:\/\/www.griechische-gemeinde-koeln.de\/gr\/wp-json\/wp\/v2\/tags?post=6680"}],"curies":[{"name":"wp","href":"https:\/\/api.w.org\/{rel}","templated":true}]}}