{"id":18310,"date":"2021-06-14T18:37:03","date_gmt":"2021-06-14T16:37:03","guid":{"rendered":"http:\/\/www.griechische-gemeinde-koeln.de\/?p=18310"},"modified":"2022-09-13T12:51:57","modified_gmt":"2022-09-13T10:51:57","slug":"kinderfreizeitbonus","status":"publish","type":"post","link":"https:\/\/www.griechische-gemeinde-koeln.de\/gr\/kinderfreizeitbonus\/","title":{"rendered":"Kinderfreizeitbonus"},"content":{"rendered":"<p><\/p>\r\n\r\n\r\n\r\n<p>Hier ein Hinweis auf den \u201eKinderfreizeitbonus\u201c der ab August an bestimmte Familien direkt ausgezahlt wird, ohne Anrechnung auf Sozialleistungen:<\/p>\r\n\r\n\r\n\r\n<p><a href=\"https:\/\/www.bundesregierung.de\/breg-de\/aktuelles\/kinderfreizeitbonus-1927190\">https:\/\/www.bundesregierung.de\/breg-de\/aktuelles\/kinderfreizeitbonus-1927190<\/a><\/p>\r\n\r\n\r\n\r\n<p>Beachtet bitte: \u201eDie Zahlung geht an Familien, die auf Hartz IV angewiesen sind, Anspruch auf Wohngeld oder den Kinderzuschlag haben oder Leistungen nach dem Asylbewerberleistungsgesetz beziehen. 270 Millionen Euro stellt der Bund daf\u00fcr zur Verf\u00fcgung. Ausgezahlt werden soll der Freizeitbonus&nbsp;ab August. Die meisten Familien m\u00fcssen daf\u00fcr keinen gesonderten Antrag stellen.&nbsp;<strong>Allein Familien, die nur Wohngeld und keinen Kinderzuschlag beziehen sowie&nbsp;Familien mit Sozialhilfe m\u00fcssen daf\u00fcr einen formlosen Antrag bei der Familienkasse stellen.\u201c<\/strong><strong><\/strong><\/p>","protected":false},"excerpt":{"rendered":"<p>Hier ein Hinweis auf den \u201eKinderfreizeitbonus\u201c der ab August an bestimmte Familien direkt ausgezahlt wird, ohne Anrechnung auf Sozialleistungen: https:\/\/www.bundesregierung.de\/breg-de\/aktuelles\/kinderfreizeitbonus-1927190 Beachtet bitte: \u201eDie Zahlung geht an Familien, die auf Hartz IV angewiesen sind, Anspruch auf Wohngeld oder den Kinderzuschlag haben &hellip; <a href=\"https:\/\/www.griechische-gemeinde-koeln.de\/gr\/kinderfreizeitbonus\/\">Continue reading <span class=\"meta-nav\">&rarr;<\/span><\/a><\/p>\n","protected":false},"author":2,"featured_media":0,"comment_status":"closed","ping_status":"closed","sticky":false,"template":"","format":"standard","meta":{"footnotes":""},"categories":[1],"tags":[],"class_list":["post-18310","post","type-post","status-publish","format-standard","hentry","category-allgemein"],"_links":{"self":[{"href":"https:\/\/www.griechische-gemeinde-koeln.de\/gr\/wp-json\/wp\/v2\/posts\/18310","targetHints":{"allow":["GET"]}}],"collection":[{"href":"https:\/\/www.griechische-gemeinde-koeln.de\/gr\/wp-json\/wp\/v2\/posts"}],"about":[{"href":"https:\/\/www.griechische-gemeinde-koeln.de\/gr\/wp-json\/wp\/v2\/types\/post"}],"author":[{"embeddable":true,"href":"https:\/\/www.griechische-gemeinde-koeln.de\/gr\/wp-json\/wp\/v2\/users\/2"}],"replies":[{"embeddable":true,"href":"https:\/\/www.griechische-gemeinde-koeln.de\/gr\/wp-json\/wp\/v2\/comments?post=18310"}],"version-history":[{"count":2,"href":"https:\/\/www.griechische-gemeinde-koeln.de\/gr\/wp-json\/wp\/v2\/posts\/18310\/revisions"}],"predecessor-version":[{"id":18441,"href":"https:\/\/www.griechische-gemeinde-koeln.de\/gr\/wp-json\/wp\/v2\/posts\/18310\/revisions\/18441"}],"wp:attachment":[{"href":"https:\/\/www.griechische-gemeinde-koeln.de\/gr\/wp-json\/wp\/v2\/media?parent=18310"}],"wp:term":[{"taxonomy":"category","embeddable":true,"href":"https:\/\/www.griechische-gemeinde-koeln.de\/gr\/wp-json\/wp\/v2\/categories?post=18310"},{"taxonomy":"post_tag","embeddable":true,"href":"https:\/\/www.griechische-gemeinde-koeln.de\/gr\/wp-json\/wp\/v2\/tags?post=18310"}],"curies":[{"name":"wp","href":"https:\/\/api.w.org\/{rel}","templated":true}]}}