{"id":18270,"date":"2021-03-03T19:53:00","date_gmt":"2021-03-03T17:53:00","guid":{"rendered":"http:\/\/www.griechische-gemeinde-koeln.de\/?p=18270"},"modified":"2021-12-01T22:48:05","modified_gmt":"2021-12-01T20:48:05","slug":"deutsch-lernen-trotz-lockdown","status":"publish","type":"post","link":"https:\/\/www.griechische-gemeinde-koeln.de\/gr\/deutsch-lernen-trotz-lockdown\/","title":{"rendered":"Deutsch lernen \u2013 trotz Lockdown"},"content":{"rendered":"\n<p>Das Interkulturelle Zentrum der Griechischen Gemeinde K\u00f6ln bietet unter den besonderen Umst\u00e4nden bis zum Ende des Lockdowns Einzelunterricht in Deutsch an. Interessierte k\u00f6nnen sich gerne melden unter: griech.gem.koeln@t-online.de<\/p>\n\n\n\n<figure class=\"wp-block-image size-large\"><img loading=\"lazy\" decoding=\"async\" width=\"1024\" height=\"768\" src=\"http:\/\/www.griechische-gemeinde-koeln.de\/wp-content\/uploads\/2021\/03\/deutsch-einzel-corona--1024x768.jpg\" alt=\"\" class=\"wp-image-18271\" srcset=\"https:\/\/www.griechische-gemeinde-koeln.de\/wp-content\/uploads\/2021\/03\/deutsch-einzel-corona--1024x768.jpg 1024w, https:\/\/www.griechische-gemeinde-koeln.de\/wp-content\/uploads\/2021\/03\/deutsch-einzel-corona--300x225.jpg 300w, https:\/\/www.griechische-gemeinde-koeln.de\/wp-content\/uploads\/2021\/03\/deutsch-einzel-corona--768x576.jpg 768w, https:\/\/www.griechische-gemeinde-koeln.de\/wp-content\/uploads\/2021\/03\/deutsch-einzel-corona--1536x1152.jpg 1536w, https:\/\/www.griechische-gemeinde-koeln.de\/wp-content\/uploads\/2021\/03\/deutsch-einzel-corona--2048x1536.jpg 2048w, https:\/\/www.griechische-gemeinde-koeln.de\/wp-content\/uploads\/2021\/03\/deutsch-einzel-corona--400x300.jpg 400w\" sizes=\"auto, (max-width: 1024px) 100vw, 1024px\" \/><\/figure>\n","protected":false},"excerpt":{"rendered":"<p>Das Interkulturelle Zentrum der Griechischen Gemeinde K\u00f6ln bietet unter den besonderen Umst\u00e4nden bis zum Ende des Lockdowns Einzelunterricht in Deutsch an. Interessierte k\u00f6nnen sich gerne melden unter: griech.gem.koeln@t-online.de<\/p>\n","protected":false},"author":2,"featured_media":0,"comment_status":"closed","ping_status":"closed","sticky":false,"template":"","format":"standard","meta":{"footnotes":""},"categories":[1],"tags":[],"class_list":["post-18270","post","type-post","status-publish","format-standard","hentry","category-allgemein"],"_links":{"self":[{"href":"https:\/\/www.griechische-gemeinde-koeln.de\/gr\/wp-json\/wp\/v2\/posts\/18270","targetHints":{"allow":["GET"]}}],"collection":[{"href":"https:\/\/www.griechische-gemeinde-koeln.de\/gr\/wp-json\/wp\/v2\/posts"}],"about":[{"href":"https:\/\/www.griechische-gemeinde-koeln.de\/gr\/wp-json\/wp\/v2\/types\/post"}],"author":[{"embeddable":true,"href":"https:\/\/www.griechische-gemeinde-koeln.de\/gr\/wp-json\/wp\/v2\/users\/2"}],"replies":[{"embeddable":true,"href":"https:\/\/www.griechische-gemeinde-koeln.de\/gr\/wp-json\/wp\/v2\/comments?post=18270"}],"version-history":[{"count":1,"href":"https:\/\/www.griechische-gemeinde-koeln.de\/gr\/wp-json\/wp\/v2\/posts\/18270\/revisions"}],"predecessor-version":[{"id":18272,"href":"https:\/\/www.griechische-gemeinde-koeln.de\/gr\/wp-json\/wp\/v2\/posts\/18270\/revisions\/18272"}],"wp:attachment":[{"href":"https:\/\/www.griechische-gemeinde-koeln.de\/gr\/wp-json\/wp\/v2\/media?parent=18270"}],"wp:term":[{"taxonomy":"category","embeddable":true,"href":"https:\/\/www.griechische-gemeinde-koeln.de\/gr\/wp-json\/wp\/v2\/categories?post=18270"},{"taxonomy":"post_tag","embeddable":true,"href":"https:\/\/www.griechische-gemeinde-koeln.de\/gr\/wp-json\/wp\/v2\/tags?post=18270"}],"curies":[{"name":"wp","href":"https:\/\/api.w.org\/{rel}","templated":true}]}}