{"id":1548,"date":"2012-11-12T07:43:31","date_gmt":"2012-11-12T05:43:31","guid":{"rendered":"http:\/\/www.griechische-gemeinde-koeln.de\/?p=1548"},"modified":"2012-11-16T08:54:16","modified_gmt":"2012-11-16T06:54:16","slug":"greek-%cf%80%ce%bf%ce%b9%ce%bf%cf%82-%ce%b8%cf%85%ce%bc%ce%ac%cf%84%ce%b1%ce%b9-%cf%84%ce%bf%ce%bd-%ce%b1%ce%bb%cf%86%cf%8c%ce%bd%cf%82-%cf%84%ce%bf%cf%85-%ce%ba%cf%8e%cf%83%cf%84%ce%b1","status":"publish","type":"post","link":"https:\/\/www.griechische-gemeinde-koeln.de\/gr\/greek-%cf%80%ce%bf%ce%b9%ce%bf%cf%82-%ce%b8%cf%85%ce%bc%ce%ac%cf%84%ce%b1%ce%b9-%cf%84%ce%bf%ce%bd-%ce%b1%ce%bb%cf%86%cf%8c%ce%bd%cf%82-%cf%84%ce%bf%cf%85-%ce%ba%cf%8e%cf%83%cf%84%ce%b1\/","title":{"rendered":"\u00ab\u03a0\u03bf\u03b9\u03bf\u03c2 \u03b8\u03c5\u03bc\u03ac\u03c4\u03b1\u03b9 \u03c4\u03bf\u03bd \u0391\u03bb\u03c6\u03cc\u03bd\u03c2\u00bb \u03c4\u03bf\u03c5 \u039a\u03ce\u03c3\u03c4\u03b1 \u0391\u03ba\u03c1\u03af\u03b2\u03bf\u03c5"},"content":{"rendered":"<p><\/p>\n<p><strong>\u039f \u039a\u03ce\u03c3\u03c4\u03b1\u03c2 \u0391\u03ba\u03c1\u03af\u03b2\u03bf\u03c2 \u03ba\u03b1\u03b9 \u03bf \u03bc\u03b5\u03c4\u03b1\u03c6\u03c1\u03b1\u03c3\u03c4\u03ae\u03c2 \u03c4\u03bf\u03c5 \u03b2\u03b9\u03b2\u03bb\u03af\u03bf\u03c5, Hans-Bernhard Schlumm, \u03c0\u03b1\u03c1\u03bf\u03c5\u03c3\u03b9\u03ac\u03b6\u03bf\u03c5\u03bd \u03c4\u03b7\u03bd \u03b3\u03b5\u03c1\u03bc\u03b1\u03bd\u03b9\u03ba\u03ae\u00a0 \u03bc\u03b5\u03c4\u03ac\u03c6\u03c1\u03b1\u03c3\u03b7 \u03c4\u03bf\u03c5 \u03bc\u03c5\u03b8\u03b9\u03c3\u03c4\u03bf\u03c1\u03ae\u03bc\u03b1\u03c4\u03bf\u03c2 \u03c5\u03c0\u03cc \u03c4\u03bf\u03bd \u03c4\u03af\u03c4\u03bb\u03bf \u201eAlfons Hochhauser \u2013 Der Barfu\u00dfprophet von Pilion\u201c.<\/strong><\/p>\n<p><strong>\u03a0\u03ad\u03bc\u03c0\u03c4\u03b7, 15. N<\/strong><a href=\"http:\/\/www.griechische-gemeinde-koeln.de\/wp-content\/uploads\/2012\/11\/2012-11-12-Foto-zu-Der-Barfu\u00dfprofet...jpg\"><img loading=\"lazy\" decoding=\"async\" class=\"alignleft  wp-image-1550\" title=\"2012-11-12 Foto zu Der Barfu\u00dfprofet..\" src=\"http:\/\/www.griechische-gemeinde-koeln.de\/wp-content\/uploads\/2012\/11\/2012-11-12-Foto-zu-Der-Barfu\u00dfprofet..-208x300.jpg\" alt=\"\" width=\"208\" height=\"300\" srcset=\"https:\/\/www.griechische-gemeinde-koeln.de\/wp-content\/uploads\/2012\/11\/2012-11-12-Foto-zu-Der-Barfu\u00dfprofet..-208x300.jpg 208w, https:\/\/www.griechische-gemeinde-koeln.de\/wp-content\/uploads\/2012\/11\/2012-11-12-Foto-zu-Der-Barfu\u00dfprofet...jpg 240w\" sizes=\"auto, (max-width: 208px) 100vw, 208px\" \/><\/a><strong>ovember 2012, 19:30 Uhr, \u039a\u03bf\u03bb\u03c9\u03bd\u03af\u03b1<\/strong><\/p>\n<p>B\u00fcrgerzentrum Alte Feuerwache, Melchiorstra\u00dfe 3, 50670 K\u00f6ln<\/p>\n<p>U-&#038;S-Bahn Hansaring, U-Bahn Ebertplatz<\/p>\n<p>\u0397 \u03b5\u03ba\u03b4\u03ae\u03bb\u03c9\u03c3\u03b7 \u03b8\u03b1 \u03c0\u03c1\u03b1\u03b3\u03bc\u03b1\u03c4\u03bf\u03c0\u03bf\u03b9\u03b7\u03b8\u03b5\u03af \u03c3\u03c4\u03b7\u03bd \u03b3\u03b5\u03c1\u03bc\u03b1\u03bd\u03b9\u03ba\u03ae \u03b3\u03bb\u03ce\u03c3\u03c3\u03b1. \u0395\u03af\u03c3\u03bf\u03b4\u03bf\u03c2 \u03b5\u03bb\u03b5\u03cd\u03b8\u03b5\u03c1\u03b7.<\/p>\n<p>\u039f <strong>\u039a\u03ce\u03c3\u03c4\u03b1\u03c2 \u0391\u03ba\u03c1\u03af\u03b2\u03bf\u03c2<\/strong> \u03b3\u03b5\u03bd\u03bd\u03ae\u03b8\u03b7\u03ba\u03b5 \u03c4\u03bf 1958 \u03c3\u03c4\u03bf\u03bd \u0392\u03cc\u03bb\u03bf, \u03c4\u03b7\u03bd \u03c0\u03cc\u03bb\u03b7 \u03c4\u03bf\u03c5 \u0399\u03ac\u03c3\u03bf\u03bd\u03bf\u03c2, \u03b3\u03bd\u03c9\u03c3\u03c4\u03ae \u03b1\u03c0\u03cc \u03c4\u03bf\u03bd \u03bc\u03cd\u03b8\u03bf \u03c4\u03c9\u03bd \u0391\u03c1\u03b3\u03bf\u03bd\u03b1\u03c5\u03c4\u03ce\u03bd. \u039f \u03ba. \u0391\u03ba\u03c1\u03af\u03b2\u03bf\u03c2 \u03c3\u03c0\u03bf\u03cd\u03b4\u03b1\u03c3\u03b5 \u03bc\u03b5\u03c3\u03b1\u03b9\u03c9\u03bd\u03b9\u03ba\u03ae<!--more--> \u03ba\u03b1\u03b9 \u03bd\u03ad\u03b1 \u03b5\u03bb\u03bb\u03b7\u03bd\u03b9\u03ba\u03ae \u03c6\u03b9\u03bb\u03bf\u03bb\u03bf\u03b3\u03af\u03b1 \u03ba\u03b1\u03b9 \u03b5\u03c1\u03b3\u03ac\u03b6\u03b5\u03c4\u03b1\u03b9 \u03c9\u03c2 \u03c6\u03b9\u03bb\u03cc\u03bb\u03bf\u03b3\u03bf\u03c2. \u0388\u03c7\u03b5\u03b9 \u03b3\u03c1\u03ac\u03c8\u03b5\u03b9 \u03bc\u03c5\u03b8\u03b9\u03c3\u03c4\u03bf\u03c1\u03ae\u03bc\u03b1\u03c4\u03b1, \u03b2\u03b9\u03bf\u03b3\u03c1\u03b1\u03c6\u03af\u03b5\u03c2, \u03b4\u03b9\u03b7\u03b3\u03ae\u03bc\u03b1\u03c4\u03b1 \u03ba\u03b1\u03b9 \u03c3\u03c7\u03bf\u03bb\u03b9\u03ba\u03ac \u03b5\u03b3\u03c7\u03b5\u03b9\u03c1\u03af\u03b4\u03b9\u03b1. \u0388\u03c1\u03b3\u03b1 \u03c4\u03bf\u03c5 \u03ad\u03c7\u03bf\u03c5\u03bd \u03c0\u03b5\u03c1\u03b9\u03bb\u03b7\u03c6\u03b8\u03b5\u03af \u03c3\u03b5 \u03c0\u03bf\u03bb\u03c5\u03ac\u03c1\u03b9\u03b8\u03bc\u03b5\u03c2 \u03b1\u03bd\u03b8\u03bf\u03bb\u03bf\u03b3\u03af\u03b5\u03c2 \u03ba\u03b1\u03b9 \u03ad\u03c7\u03bf\u03c5\u03bd \u03bc\u03b5\u03c4\u03b1\u03c6\u03c1\u03b1\u03c3\u03b8\u03b5\u03af \u03c3\u03b5 \u03b4\u03b9\u03ac\u03c6\u03bf\u03c1\u03b5\u03c2 \u03b3\u03bb\u03ce\u03c3\u03c3\u03b5\u03c2. \u00a0\u0394\u03b9\u03b5\u03c5\u03b8\u03cd\u03bd\u03b5\u03b9 \u03c4\u03b7\u03bd \u03c3\u03b5\u03b9\u03c1\u03ac \u201e\u039c\u03b9\u03b1 \u03c0\u03cc\u03bb\u03b7 \u03c3\u03c4\u03b7 \u03bb\u03bf\u03b3\u03bf\u03c4\u03b5\u03c7\u03bd\u03af\u03b1\u201c \u03c4\u03c9\u03bd \u03b5\u03ba\u03b4\u03cc\u03c3\u03b5\u03c9\u03bd \u039c\u03b5\u03c4\u03b1\u03af\u03c7\u03bc\u03b9\u03bf \u03ba\u03b1\u03b9 \u03b4\u03b7\u03bc\u03bf\u03c3\u03b9\u03bf\u03b3\u03c1\u03b1\u03c6\u03b5\u03af. \u0388\u03c1\u03b3\u03b1 \u03c4\u03bf\u03c5 \u03bc\u03b5\u03c4\u03b1\u03be\u03cd \u03ac\u03bb\u03bb\u03c9\u03bd: \u201e\u03a0\u03b1\u03bd\u03b4\u03b1\u03b9\u03bc\u03cc\u03bd\u03b9\u03bf\u201c (\u03bc\u03c5\u03b8\u03b9\u03c3\u03c4\u03cc\u03c1\u03b7\u03bc\u03b1, 2007), \u201e\u03a4\u03b5\u03bb\u03b5\u03c4\u03ad\u03c2 \u03b5\u03bd\u03b7\u03bb\u03b9\u03ba\u03af\u03c9\u03c3\u03b7\u03c2\u201c (\u03b4\u03b9\u03b7\u03b3\u03ae\u03bc\u03b1\u03c4\u03b1, 2009), \u0391\u03bb\u03ad\u03be\u03b1\u03bd\u03b4\u03c1\u03bf\u03c2 \u03a0\u03b1\u03c0\u03b1\u03b4\u03b9\u03b1\u03bc\u03ac\u03bd\u03c4\u03b7\u03c2 \u201e\u039d\u03b1 \u03b5\u03af\u03c7\u03b5\u03bd \u03bf \u03ad\u03c1\u03c9\u03c4\u03b1\u03c2 \u03c3\u03b1\u0390\u03c4\u03b5\u03c2!\u201c (\u03b5\u03c0\u03b9\u03bc\u03ad\u03bb\u03b5\u03b9\u03b1 \u03b1\u03bd\u03b8\u03bf\u03bb\u03bf\u03b3\u03af\u03b1\u03c2, 2010) \u03ba\u03b1\u03b9 \u00a0\u201e\u03a0\u03bf\u03b9\u03bf\u03c2 \u03b8\u03c5\u03bc\u03ac\u03c4\u03b1\u03b9 \u03c4\u03bf\u03bd \u0391\u03bb\u03c6\u03cc\u03bd\u03c2\u201c (\u03bc\u03c5\u03b8\u03b9\u03c3\u03c4\u03cc\u03c1\u03b7\u03bc\u03b1, 2010), \u03c4\u03bf \u03bf\u03c0\u03bf\u03af\u03bf \u03ae\u03c4\u03b1\u03bd \u03c5\u03c0\u03bf\u03c8\u03ae\u03c6\u03b9o \u03c4\u03bf 2011 \u03b3\u03b9\u03b1 \u03c4\u03b1 \u03b2\u03c1\u03b1\u03b2\u03b5\u03af\u03b1 \u03c4\u03bf\u03cd \u0395\u03b8\u03bd\u03b9\u03ba\u03bf\u03cd \u039a\u03ad\u03bd\u03c4\u03c1\u03bf\u03c5 \u0392\u03b9\u03b2\u03bb\u03af\u03bf\u03c5 \u03ba\u03b1\u03b9 \u03c4\u03bf\u03c5 \u03a0\u03b5\u03c1\u03b9\u03bf\u03b4\u03b9\u03ba\u03bf\u03cd \u201e\u0394\u03b9\u03b1\u03b2\u03ac\u03b6\u03c9\u201c.<\/p>\n<p>\u039f <strong>Hans-Bernhard Schlumm<\/strong> \u03b6\u03b5\u03b9 \u03b1\u03c0\u03cc \u03c4\u03bf 1985 \u03c3\u03c4\u03b7\u03bd \u0395\u03bb\u03bb\u03ac\u03b4\u03b1. \u0391\u03c0\u03cc \u03c4\u03bf 1985 \u03ad\u03c9\u03c2 \u03c4\u03bf 1991 \u03b4\u03af\u03b4\u03b1\u03be\u03b5 \u03c3\u03c4\u03bf \u03a4\u03bc\u03ae\u03bc\u03b1 \u0393\u03b5\u03c1\u03bc\u03b1\u03bd\u03b9\u03ba\u03ae\u03c2 \u0393\u03bb\u03ce\u03c3\u03c3\u03b1\u03c2 \u03ba\u03b1\u03b9 \u03a6\u03b9\u03bb\u03bf\u03bb\u03bf\u03b3\u03af\u03b1\u03c2 \u03c4\u03bf\u03c5 \u03a0\u03b1\u03bd\u03b5\u03c0\u03b9\u03c3\u03c4\u03b7\u03bc\u03af\u03bf\u03c5 \u0391\u03b8\u03b7\u03bd\u03ce\u03bd. \u0391\u03c0\u03cc \u03c4\u03bf 1991 \u03b4\u03b9\u03b4\u03ac\u03c3\u03ba\u03b5\u03b9 \u03b3\u03b5\u03c1\u03bc\u03b1\u03bd\u03b9\u03ba\u03ae \u03b3\u03bb\u03ce\u03c3\u03c3\u03b1 \u03ba\u03b1\u03b9 \u03bb\u03bf\u03b3\u03bf\u03c4\u03b5\u03c7\u03bd\u03af\u03b1 \u03c3\u03c4\u03bf \u03a4\u03bc\u03ae\u03bc\u03b1 \u039e\u03ad\u03bd\u03c9\u03bd, \u0393\u03bb\u03c9\u03c3\u03c3\u03ce\u03bd, \u039c\u03b5\u03c4\u03ac\u03c6\u03c1\u03b1\u03c3\u03b7\u03c2 \u03ba\u03b1\u03b9 \u0394\u03b9\u03b5\u03c1\u03bc\u03b7\u03bd\u03b5\u03af\u03b1\u03c2 \u03c4\u03bf\u03c5 \u0399\u03bf\u03bd\u03af\u03bf\u03c5 \u03a0\u03b1\u03bd\u03b5\u03c0\u03b9\u03c3\u03c4\u03b7\u03bc\u03af\u03bf\u03c5. \u039a\u03b5\u03bd\u03c4\u03c1\u03b9\u03ba\u03cc \u03b8\u03ad\u03bc\u03b1 \u03c4\u03c9\u03bd \u03b5\u03c1\u03b5\u03c5\u03bd\u03ce\u03bd \u03c4\u03bf\u03c5 \u03b5\u03af\u03bd\u03b1\u03b9 \u03bf\u03b9 \u03b5\u03bb\u03bb\u03b7\u03bd\u03bf\u03b3\u03b5\u03c1\u03bc\u03b1\u03bd\u03b9\u03ba\u03ad\u03c2 \u03b4\u03b9\u03b1\u03c0\u03bf\u03bb\u03b9\u03c4\u03b9\u03c3\u03bc\u03b9\u03ba\u03ad\u03c2 \u03c3\u03c7\u03ad\u03c3\u03b5\u03b9\u03c2. \u03a0\u03b9\u03bf \u03c0\u03c1\u03cc\u03c3\u03c6\u03b1\u03c4\u03b5\u03c2 \u03b4\u03b7\u03bc\u03bf\u03c3\u03b9\u03b5\u03cd\u03c3\u03b5\u03b9\u03c2 \u03c4\u03bf\u03c5 \u03b5\u03af\u03bd\u03b1\u03b9 \u03bf \u03c4\u03cc\u03bc\u03bf\u03c2 \u201eHymne an die Feiheit\u201c \u03c3\u03b5 \u03c3\u03c5\u03bd\u03b5\u03c1\u03b3\u03b1\u03c3\u03af\u03b1 \u03bc\u03b5 \u03c4\u03bf\u03c5\u03c2 A.\u00a0Kertscher \u03ba\u03b1\u03b9 \u039a. \u0396\u03b5\u03c1\u03b2\u03cc\u03c0\u03bf\u03c5\u03bb\u03bf (Paderborn 2010 ITB-Verlag) \u03ba\u03b1\u03b9 \u03b7 \u03bc\u03b5\u03bb\u03ad\u03c4\u03b7 \u201eJenseits der Mythen\u201c \u03c3\u03c4\u03bf \u03b2\u03b5\u03c1\u03bf\u03bb\u03af\u03bd\u03b9\u03bf \u03c0\u03b5\u03c1\u03b9\u03bf\u03b4\u03b9\u03ba\u03cc Exantas.<\/p>\n<p>\u00a0<\/p>\n<p><\/p>","protected":false},"excerpt":{"rendered":"<p>\u039f \u039a\u03ce\u03c3\u03c4\u03b1\u03c2 \u0391\u03ba\u03c1\u03af\u03b2\u03bf\u03c2 \u03ba\u03b1\u03b9 \u03bf \u03bc\u03b5\u03c4\u03b1\u03c6\u03c1\u03b1\u03c3\u03c4\u03ae\u03c2 \u03c4\u03bf\u03c5 \u03b2\u03b9\u03b2\u03bb\u03af\u03bf\u03c5, Hans-Bernhard Schlumm, \u03c0\u03b1\u03c1\u03bf\u03c5\u03c3\u03b9\u03ac\u03b6\u03bf\u03c5\u03bd \u03c4\u03b7\u03bd \u03b3\u03b5\u03c1\u03bc\u03b1\u03bd\u03b9\u03ba\u03ae\u00a0 \u03bc\u03b5\u03c4\u03ac\u03c6\u03c1\u03b1\u03c3\u03b7 \u03c4\u03bf\u03c5 \u03bc\u03c5\u03b8\u03b9\u03c3\u03c4\u03bf\u03c1\u03ae\u03bc\u03b1\u03c4\u03bf\u03c2 \u03c5\u03c0\u03cc \u03c4\u03bf\u03bd \u03c4\u03af\u03c4\u03bb\u03bf \u201eAlfons Hochhauser \u2013 Der Barfu\u00dfprophet von Pilion\u201c. \u03a0\u03ad\u03bc\u03c0\u03c4\u03b7, 15. November 2012, 19:30 Uhr, \u039a\u03bf\u03bb\u03c9\u03bd\u03af\u03b1 B\u00fcrgerzentrum Alte Feuerwache, Melchiorstra\u00dfe 3, 50670 K\u00f6ln &hellip; <a href=\"https:\/\/www.griechische-gemeinde-koeln.de\/gr\/greek-%cf%80%ce%bf%ce%b9%ce%bf%cf%82-%ce%b8%cf%85%ce%bc%ce%ac%cf%84%ce%b1%ce%b9-%cf%84%ce%bf%ce%bd-%ce%b1%ce%bb%cf%86%cf%8c%ce%bd%cf%82-%cf%84%ce%bf%cf%85-%ce%ba%cf%8e%cf%83%cf%84%ce%b1\/\">Continue reading <span class=\"meta-nav\">&rarr;<\/span><\/a><\/p>\n","protected":false},"author":2,"featured_media":0,"comment_status":"closed","ping_status":"closed","sticky":false,"template":"","format":"standard","meta":{"footnotes":""},"categories":[1],"tags":[],"class_list":["post-1548","post","type-post","status-publish","format-standard","hentry","category-allgemein"],"_links":{"self":[{"href":"https:\/\/www.griechische-gemeinde-koeln.de\/gr\/wp-json\/wp\/v2\/posts\/1548","targetHints":{"allow":["GET"]}}],"collection":[{"href":"https:\/\/www.griechische-gemeinde-koeln.de\/gr\/wp-json\/wp\/v2\/posts"}],"about":[{"href":"https:\/\/www.griechische-gemeinde-koeln.de\/gr\/wp-json\/wp\/v2\/types\/post"}],"author":[{"embeddable":true,"href":"https:\/\/www.griechische-gemeinde-koeln.de\/gr\/wp-json\/wp\/v2\/users\/2"}],"replies":[{"embeddable":true,"href":"https:\/\/www.griechische-gemeinde-koeln.de\/gr\/wp-json\/wp\/v2\/comments?post=1548"}],"version-history":[{"count":5,"href":"https:\/\/www.griechische-gemeinde-koeln.de\/gr\/wp-json\/wp\/v2\/posts\/1548\/revisions"}],"predecessor-version":[{"id":1666,"href":"https:\/\/www.griechische-gemeinde-koeln.de\/gr\/wp-json\/wp\/v2\/posts\/1548\/revisions\/1666"}],"wp:attachment":[{"href":"https:\/\/www.griechische-gemeinde-koeln.de\/gr\/wp-json\/wp\/v2\/media?parent=1548"}],"wp:term":[{"taxonomy":"category","embeddable":true,"href":"https:\/\/www.griechische-gemeinde-koeln.de\/gr\/wp-json\/wp\/v2\/categories?post=1548"},{"taxonomy":"post_tag","embeddable":true,"href":"https:\/\/www.griechische-gemeinde-koeln.de\/gr\/wp-json\/wp\/v2\/tags?post=1548"}],"curies":[{"name":"wp","href":"https:\/\/api.w.org\/{rel}","templated":true}]}}