{"id":1464,"date":"2012-11-09T08:41:27","date_gmt":"2012-11-09T06:41:27","guid":{"rendered":"http:\/\/www.griechische-gemeinde-koeln.de\/?p=1464"},"modified":"2012-11-09T09:19:46","modified_gmt":"2012-11-09T07:19:46","slug":"greek-arsch-huh-zang-ussenander-2","status":"publish","type":"post","link":"https:\/\/www.griechische-gemeinde-koeln.de\/gr\/greek-arsch-huh-zang-ussenander-2\/","title":{"rendered":"ARSCH  HUH,  Z\u00c4NG  USSENANDER!"},"content":{"rendered":"<p><strong><span style=\"font-size: medium;\"><span style=\"color: #000000;\"><span style=\"font-family: Arial;\">20 \u03a7\u03a1\u039f\u039d\u0399\u0391 \u039c\u0395\u03a4\u0391, \u039c\u0395 \u03a4\u0397\u039d \u0399\u0394\u0399\u0391 \u03a3\u03a4\u0395\u039d\u03a4\u039f\u03a1\u0395\u0399\u0391 \u03a6\u03a9\u039d\u0397<\/span><\/span><\/span><\/strong><\/p>\n<p><strong><span style=\"font-size: medium;\"><span style=\"color: #000000;\"><span style=\"font-family: Arial;\">\u039b\u0395\u039c\u0395 \u039d\u0391\u0399 \u03a3\u03a4\u0397\u039d \u0391\u039b\u039b\u0397\u039b\u0395\u0393\u0393\u03a5\u0397\u00a0\u03a3\u03a4\u0397\u039d \u03a0\u039f\u039b\u0397 \u039c\u0391\u03a3, \u03a3\u03a4\u0397\u039d \u039a\u039f\u039b\u03a9\u039d\u0399\u0391<\/span><\/span><\/span><\/strong><\/p>\n<p><strong><span style=\"font-size: medium;\"><span style=\"color: #000000;\"><span style=\"font-family: Arial;\">\u039b\u0395\u039c\u0395 \u039f\u03a7\u0399 \u03a3\u03a4\u039f \u0394\u0399\u03a7\u0391\u03a3\u039c\u039f \u03a4\u0397\u03a3 \u039a\u039f\u0399\u039d\u03a9\u039d\u0399\u0391\u03a3 \u039c\u0391\u03a3<\/span><\/span><\/span><\/strong><\/p>\n<p><span style=\"font-family: Arial; color: #000000; font-size: medium;\">\u00a0<\/span><span style=\"font-size: medium;\"><span style=\"color: #000000;\"><span style=\"font-family: Arial;\">\u00ab\u0398\u03ad\u03bb\u03bf\u03c5\u03bc\u03b5 \u03bd\u03b1 \u03b1\u03bd\u03b1\u03bd\u03b5\u03ce\u03c3\u03bf\u03c5\u03bc\u03b5 \u03c4\u03b7\u03bd \u03c5\u03c0\u03cc\u03c3\u03c7\u03b5\u03c3\u03ae \u03bc\u03b1\u03c2\u00bb, \u03b4\u03ae\u03bb\u03c9\u03c3\u03b5 \u03bf \u0392\u03cc\u03bb\u03c6\u03b3\u03ba\u03b1\u03bd\u03b3\u03ba \u039d\u03af\u03bd\u03c4\u03b5\u03ba\u03b5\u03bd, \u03b1\u03c1\u03c7\u03b7\u03b3\u03cc\u03c2 \u03c4\u03bf\u03c5 \u03c3\u03c5\u03b3\u03ba\u03c1\u03bf\u03c4\u03ae\u03bc\u03b1\u03c4\u03bf\u03c2 BAP. \u03a0\u03c1\u03b9\u03bd \u03b1\u03c0\u03cc 20 \u03c7\u03c1\u03cc\u03bd\u03b9\u03b1 \u03b7 \u03bf\u03c1\u03b3\u03ac\u03bd\u03c9\u03c3\u03b7 ARSCH\u00a0 HUH,\u00a0 Z\u00c4NG\u00a0 USSENANDER \u03b4\u03b9\u03b1\u03b4\u03ae\u03bb\u03c9\u03c3\u03b5 \u03ba\u03b1\u03c4\u03ac \u03c4\u03b7\u03c2 \u03b2\u03af\u03b1\u03c2, \u03c4\u03b7\u03c2 \u03bc\u03b9\u03c3\u03bf\u03be\u03b5\u03bd\u03af\u03b1\u03c2 \u03ba\u03b1\u03b9 \u03c4\u03b7\u03c2 \u03b1\u03ba\u03c1\u03bf\u03b4\u03b5\u03be\u03b9\u03ac\u03c2. <\/span><\/span><\/span><\/p>\n<p><span style=\"font-size: medium;\"><span style=\"color: #000000;\"><span style=\"font-family: Arial;\"><a href=\"http:\/\/www.griechische-gemeinde-koeln.de\/wp-content\/uploads\/2012\/11\/Arsch-huh-24.bmp\"><img decoding=\"async\" class=\"alignleft size-full wp-image-1474\" title=\"Arsch huh 2\" src=\"http:\/\/www.griechische-gemeinde-koeln.de\/wp-content\/uploads\/2012\/11\/Arsch-huh-24.bmp\" alt=\"\" \/><\/a><\/span><\/span><\/span><\/p>\n<p><span style=\"font-size: medium;\"><span style=\"color: #000000;\"><span style=\"font-family: Arial;\">\u03a4\u03ce\u03c1\u03b1 \u03b8\u03ad\u03bb\u03b5\u03b9 \u03bd\u03b1 \u03c3\u03c4\u03b5\u03af\u03bb\u03b5\u03b9 \u03ad\u03bd\u03b1 \u03bc\u03ae\u03bd\u03c5\u03bc\u03b1 \u03b5\u03bd\u03ac\u03bd\u03c4\u03b9\u03b1 \u03c3\u03c4\u03bf\u03bd \u03ba\u03bf\u03b9\u03bd\u03c9\u03bd\u03b9\u03ba\u03cc \u03b4\u03b9\u03c7\u03b1\u03c3\u03bc\u03cc \u03c4\u03b7\u03c2 \u03c0\u03cc\u03bb\u03b7\u03c2 \u03bc\u03b1\u03c2 \u03c3\u03b5 \u03c6\u03c4\u03c9\u03c7\u03bf\u03cd\u03c2 \u03ba\u03b1\u03b9 \u03c0\u03bb\u03bf\u03cd\u03c3\u03b9\u03bf\u03c5\u03c2, \u03b3\u03b9\u03b1\u03c4\u03af: \u00ab\u03a4\u03b1 \u03c4\u03b5\u03bb\u03b5\u03c5\u03c4\u03b1\u03af\u03b1 20 \u03c7\u03c1\u03cc\u03bd\u03b9\u03b1 \u03c4\u03b1 \u03ba\u03c1\u03bf\u03cd\u03c3\u03bc\u03b1\u03c4\u03b1\u00a0\u03c4\u03bf\u03c5 \u03c1\u03b1\u03c4\u03c3\u03b9\u03c3\u03bc\u03bf\u03cd \u03ba\u03b1\u03b9 \u03c4\u03c9\u03bd \u03b4\u03b9\u03b1\u03ba\u03c1\u03af\u03c3\u03b5\u03c9\u03bd \u03c3\u03b5 \u03b2\u03ac\u03c1\u03bf\u03c2 \u03c4\u03c9\u03bd \u03c0\u03bb\u03ad\u03bf\u03bd \u03b1\u03b4\u03cd\u03bd\u03b1\u03bc\u03c9\u03bd \u03ba\u03bf\u03b9\u03bd\u03c9\u03bd\u03b9\u03ba\u03ac \u03b4\u03b5\u03bd \u03bc\u03b5\u03b9\u03ce\u03b8\u03b7\u03ba\u03b1\u03bd \u03ba\u03b1\u03b8\u03cc\u03bb\u03bf\u03c5\u00bb. (Ksta, 6.11.12)<\/span><\/span><\/span><\/p>\n<p><strong><span style=\"font-size: medium;\"><span style=\"color: #000000;\"><span style=\"font-family: Arial;\">\u03a0\u0391\u03a1\u0391\u03a3\u039a\u0395\u03a5\u0397, 09.11.2012, \u03ce\u03c1\u03b1 17.15, Deutzer Werft<\/span><\/span><\/span><\/strong><\/p>\n<p><strong><span style=\"font-size: medium;\"><span style=\"color: #000000;\"><span style=\"font-family: Arial;\">\u0395\u03bd\u03ac\u03bd\u03c4\u03b9\u03b1 \u03c3\u03c4\u03bf\u03bd \u03c1\u03b1\u03c4\u03c3\u03b9\u03c3\u03bc\u03cc \u03ba\u03b1\u03b9 \u03c4\u03bf\u03c5\u03c2 \u03bd\u03b5\u03bf\u03bd\u03b1\u03b6\u03af!<\/span><\/span><\/span><\/strong><\/p>\n<p><span style=\"font-size: medium;\"><span style=\"color: #000000;\"><span style=\"font-family: Arial;\">\u03a3\u03c4\u03b7 \u03c3\u03c5\u03b3\u03ba\u03ad\u03bd\u03c4\u03c1\u03c9\u03c3\u03b7 \u03c0\u03b1\u03af\u03c1\u03bd\u03bf\u03c5\u03bd \u03bc\u03ad\u03c1\u03bf\u03c2: Wolfgang Niedecken, Tomy Engel, Brings, Bl\u00e4ck F\u00f6\u00f6ss, H\u00f6hner, Rolly Brings, K\u00f6bes Undergroud, Nick Nikitakis, K\u00f6ster &amp; Hocker, Viva la Diva, 4Reeves, Mariele Millowitsch, Elke Heidenreich, Wilfried Schmickler&#8230;\u03ba\u03b1\u03b9 \u03c0\u03bf\u03bb\u03bb\u03bf\u03af \u03ac\u03bb\u03bb\u03bf\u03b9, \u03c0\u03bf\u03bb\u03b9\u03c4\u03b9\u03ba\u03bf\u03af, \u03ba\u03b1\u03bb\u03bb\u03b9\u03c4\u03ad\u03c7\u03bd\u03b5\u03c2, \u03be\u03ad\u03bd\u03bf\u03b9 \u03ba\u03b1\u03b9 \u0393\u03b5\u03c1\u03bc\u03b1\u03bd\u03bf\u03af.<\/span><\/span><\/span><\/p>","protected":false},"excerpt":{"rendered":"<p>20 \u03a7\u03a1\u039f\u039d\u0399\u0391 \u039c\u0395\u03a4\u0391, \u039c\u0395 \u03a4\u0397\u039d \u0399\u0394\u0399\u0391 \u03a3\u03a4\u0395\u039d\u03a4\u039f\u03a1\u0395\u0399\u0391 \u03a6\u03a9\u039d\u0397 \u039b\u0395\u039c\u0395 \u039d\u0391\u0399 \u03a3\u03a4\u0397\u039d \u0391\u039b\u039b\u0397\u039b\u0395\u0393\u0393\u03a5\u0397\u00a0\u03a3\u03a4\u0397\u039d \u03a0\u039f\u039b\u0397 \u039c\u0391\u03a3, \u03a3\u03a4\u0397\u039d \u039a\u039f\u039b\u03a9\u039d\u0399\u0391 \u039b\u0395\u039c\u0395 \u039f\u03a7\u0399 \u03a3\u03a4\u039f \u0394\u0399\u03a7\u0391\u03a3\u039c\u039f \u03a4\u0397\u03a3 \u039a\u039f\u0399\u039d\u03a9\u039d\u0399\u0391\u03a3 \u039c\u0391\u03a3 \u00a0\u00ab\u0398\u03ad\u03bb\u03bf\u03c5\u03bc\u03b5 \u03bd\u03b1 \u03b1\u03bd\u03b1\u03bd\u03b5\u03ce\u03c3\u03bf\u03c5\u03bc\u03b5 \u03c4\u03b7\u03bd \u03c5\u03c0\u03cc\u03c3\u03c7\u03b5\u03c3\u03ae \u03bc\u03b1\u03c2\u00bb, \u03b4\u03ae\u03bb\u03c9\u03c3\u03b5 \u03bf \u0392\u03cc\u03bb\u03c6\u03b3\u03ba\u03b1\u03bd\u03b3\u03ba \u039d\u03af\u03bd\u03c4\u03b5\u03ba\u03b5\u03bd, \u03b1\u03c1\u03c7\u03b7\u03b3\u03cc\u03c2 \u03c4\u03bf\u03c5 \u03c3\u03c5\u03b3\u03ba\u03c1\u03bf\u03c4\u03ae\u03bc\u03b1\u03c4\u03bf\u03c2 BAP. \u03a0\u03c1\u03b9\u03bd \u03b1\u03c0\u03cc 20 &hellip; <a href=\"https:\/\/www.griechische-gemeinde-koeln.de\/gr\/greek-arsch-huh-zang-ussenander-2\/\">Continue reading <span class=\"meta-nav\">&rarr;<\/span><\/a><\/p>\n","protected":false},"author":5,"featured_media":0,"comment_status":"closed","ping_status":"closed","sticky":false,"template":"","format":"standard","meta":{"footnotes":""},"categories":[1],"tags":[],"class_list":["post-1464","post","type-post","status-publish","format-standard","hentry","category-allgemein"],"_links":{"self":[{"href":"https:\/\/www.griechische-gemeinde-koeln.de\/gr\/wp-json\/wp\/v2\/posts\/1464","targetHints":{"allow":["GET"]}}],"collection":[{"href":"https:\/\/www.griechische-gemeinde-koeln.de\/gr\/wp-json\/wp\/v2\/posts"}],"about":[{"href":"https:\/\/www.griechische-gemeinde-koeln.de\/gr\/wp-json\/wp\/v2\/types\/post"}],"author":[{"embeddable":true,"href":"https:\/\/www.griechische-gemeinde-koeln.de\/gr\/wp-json\/wp\/v2\/users\/5"}],"replies":[{"embeddable":true,"href":"https:\/\/www.griechische-gemeinde-koeln.de\/gr\/wp-json\/wp\/v2\/comments?post=1464"}],"version-history":[{"count":13,"href":"https:\/\/www.griechische-gemeinde-koeln.de\/gr\/wp-json\/wp\/v2\/posts\/1464\/revisions"}],"predecessor-version":[{"id":1485,"href":"https:\/\/www.griechische-gemeinde-koeln.de\/gr\/wp-json\/wp\/v2\/posts\/1464\/revisions\/1485"}],"wp:attachment":[{"href":"https:\/\/www.griechische-gemeinde-koeln.de\/gr\/wp-json\/wp\/v2\/media?parent=1464"}],"wp:term":[{"taxonomy":"category","embeddable":true,"href":"https:\/\/www.griechische-gemeinde-koeln.de\/gr\/wp-json\/wp\/v2\/categories?post=1464"},{"taxonomy":"post_tag","embeddable":true,"href":"https:\/\/www.griechische-gemeinde-koeln.de\/gr\/wp-json\/wp\/v2\/tags?post=1464"}],"curies":[{"name":"wp","href":"https:\/\/api.w.org\/{rel}","templated":true}]}}