{"id":1269,"date":"2012-11-04T00:28:01","date_gmt":"2012-11-03T22:28:01","guid":{"rendered":"http:\/\/www.griechische-gemeinde-koeln.de\/?p=1269"},"modified":"2012-11-06T13:13:41","modified_gmt":"2012-11-06T11:13:41","slug":"staatssekretarin-bredehorst-nordrhein-westfalen-baut-griechischen-arztinnen-und-arzten-brucke-nach-nordrhein-westfalen","status":"publish","type":"post","link":"https:\/\/www.griechische-gemeinde-koeln.de\/gr\/staatssekretarin-bredehorst-nordrhein-westfalen-baut-griechischen-arztinnen-und-arzten-brucke-nach-nordrhein-westfalen\/","title":{"rendered":"(Deutsch) Staatssekret\u00e4rin Bredehorst: Nordrhein-Westfalen baut griechischen \u00c4rztinnen und \u00c4rzten Br\u00fccke nach Nordrhein-Westfalen"},"content":{"rendered":"<p class=\"qtranxs-available-languages-message qtranxs-available-languages-message-gr\">Leider ist der Eintrag nur auf <a href=\"https:\/\/www.griechische-gemeinde-koeln.de\/de\/wp-json\/wp\/v2\/posts\/1269\" class=\"qtranxs-available-language-link qtranxs-available-language-link-de\" title=\"Deutsch\">Deutsch<\/a> verf\u00fcgbar.<\/p>","protected":false},"excerpt":{"rendered":"<p>Leider ist der Eintrag nur auf Deutsch verf\u00fcgbar.<\/p>\n","protected":false},"author":5,"featured_media":0,"comment_status":"closed","ping_status":"closed","sticky":false,"template":"","format":"standard","meta":{"footnotes":""},"categories":[1],"tags":[],"class_list":["post-1269","post","type-post","status-publish","format-standard","hentry","category-allgemein"],"_links":{"self":[{"href":"https:\/\/www.griechische-gemeinde-koeln.de\/gr\/wp-json\/wp\/v2\/posts\/1269","targetHints":{"allow":["GET"]}}],"collection":[{"href":"https:\/\/www.griechische-gemeinde-koeln.de\/gr\/wp-json\/wp\/v2\/posts"}],"about":[{"href":"https:\/\/www.griechische-gemeinde-koeln.de\/gr\/wp-json\/wp\/v2\/types\/post"}],"author":[{"embeddable":true,"href":"https:\/\/www.griechische-gemeinde-koeln.de\/gr\/wp-json\/wp\/v2\/users\/5"}],"replies":[{"embeddable":true,"href":"https:\/\/www.griechische-gemeinde-koeln.de\/gr\/wp-json\/wp\/v2\/comments?post=1269"}],"version-history":[{"count":7,"href":"https:\/\/www.griechische-gemeinde-koeln.de\/gr\/wp-json\/wp\/v2\/posts\/1269\/revisions"}],"predecessor-version":[{"id":1276,"href":"https:\/\/www.griechische-gemeinde-koeln.de\/gr\/wp-json\/wp\/v2\/posts\/1269\/revisions\/1276"}],"wp:attachment":[{"href":"https:\/\/www.griechische-gemeinde-koeln.de\/gr\/wp-json\/wp\/v2\/media?parent=1269"}],"wp:term":[{"taxonomy":"category","embeddable":true,"href":"https:\/\/www.griechische-gemeinde-koeln.de\/gr\/wp-json\/wp\/v2\/categories?post=1269"},{"taxonomy":"post_tag","embeddable":true,"href":"https:\/\/www.griechische-gemeinde-koeln.de\/gr\/wp-json\/wp\/v2\/tags?post=1269"}],"curies":[{"name":"wp","href":"https:\/\/api.w.org\/{rel}","templated":true}]}}