{"id":11577,"date":"2014-01-15T13:38:33","date_gmt":"2014-01-15T11:38:33","guid":{"rendered":"http:\/\/www.griechische-gemeinde-koeln.de\/?p=11577"},"modified":"2014-01-15T13:38:39","modified_gmt":"2014-01-15T11:38:39","slug":"neuer-migrationsbericht-veroffentlicht-groste-zuwanderung-seit-1995","status":"publish","type":"post","link":"https:\/\/www.griechische-gemeinde-koeln.de\/gr\/neuer-migrationsbericht-veroffentlicht-groste-zuwanderung-seit-1995\/","title":{"rendered":"(Deutsch) Neuer Migrationsbericht ver\u00f6ffentlicht: gr\u00f6\u00dfte Zuwanderung seit 1995"},"content":{"rendered":"<p class=\"qtranxs-available-languages-message qtranxs-available-languages-message-gr\">Leider ist der Eintrag nur auf <a href=\"https:\/\/www.griechische-gemeinde-koeln.de\/de\/wp-json\/wp\/v2\/posts\/11577\" class=\"qtranxs-available-language-link qtranxs-available-language-link-de\" title=\"Deutsch\">Deutsch<\/a> verf\u00fcgbar.<\/p>","protected":false},"excerpt":{"rendered":"<p>Leider ist der Eintrag nur auf Deutsch verf\u00fcgbar.<\/p>\n","protected":false},"author":5,"featured_media":0,"comment_status":"closed","ping_status":"closed","sticky":false,"template":"","format":"standard","meta":{"footnotes":""},"categories":[1],"tags":[],"class_list":["post-11577","post","type-post","status-publish","format-standard","hentry","category-allgemein"],"_links":{"self":[{"href":"https:\/\/www.griechische-gemeinde-koeln.de\/gr\/wp-json\/wp\/v2\/posts\/11577","targetHints":{"allow":["GET"]}}],"collection":[{"href":"https:\/\/www.griechische-gemeinde-koeln.de\/gr\/wp-json\/wp\/v2\/posts"}],"about":[{"href":"https:\/\/www.griechische-gemeinde-koeln.de\/gr\/wp-json\/wp\/v2\/types\/post"}],"author":[{"embeddable":true,"href":"https:\/\/www.griechische-gemeinde-koeln.de\/gr\/wp-json\/wp\/v2\/users\/5"}],"replies":[{"embeddable":true,"href":"https:\/\/www.griechische-gemeinde-koeln.de\/gr\/wp-json\/wp\/v2\/comments?post=11577"}],"version-history":[{"count":5,"href":"https:\/\/www.griechische-gemeinde-koeln.de\/gr\/wp-json\/wp\/v2\/posts\/11577\/revisions"}],"predecessor-version":[{"id":11583,"href":"https:\/\/www.griechische-gemeinde-koeln.de\/gr\/wp-json\/wp\/v2\/posts\/11577\/revisions\/11583"}],"wp:attachment":[{"href":"https:\/\/www.griechische-gemeinde-koeln.de\/gr\/wp-json\/wp\/v2\/media?parent=11577"}],"wp:term":[{"taxonomy":"category","embeddable":true,"href":"https:\/\/www.griechische-gemeinde-koeln.de\/gr\/wp-json\/wp\/v2\/categories?post=11577"},{"taxonomy":"post_tag","embeddable":true,"href":"https:\/\/www.griechische-gemeinde-koeln.de\/gr\/wp-json\/wp\/v2\/tags?post=11577"}],"curies":[{"name":"wp","href":"https:\/\/api.w.org\/{rel}","templated":true}]}}