{"id":11379,"date":"2014-01-06T10:56:34","date_gmt":"2014-01-06T08:56:34","guid":{"rendered":"http:\/\/www.griechische-gemeinde-koeln.de\/?p=11379"},"modified":"2014-01-06T10:58:24","modified_gmt":"2014-01-06T08:58:24","slug":"ein-maler-fur-toledo-dominikos-theotokopoulos-genannt-el-greco-griechenlands-letzter-byzantiner","status":"publish","type":"post","link":"https:\/\/www.griechische-gemeinde-koeln.de\/gr\/ein-maler-fur-toledo-dominikos-theotokopoulos-genannt-el-greco-griechenlands-letzter-byzantiner\/","title":{"rendered":"(Deutsch) \u201eEin Maler f\u00fcr Toledo: Dom\u00ednikos Theotok\u00f3poulos, genannt El Greco \u2013  Griechenlands letzter Byzantiner\u201c"},"content":{"rendered":"<p class=\"qtranxs-available-languages-message qtranxs-available-languages-message-gr\">Leider ist der Eintrag nur auf <a href=\"https:\/\/www.griechische-gemeinde-koeln.de\/de\/wp-json\/wp\/v2\/posts\/11379\" class=\"qtranxs-available-language-link qtranxs-available-language-link-de\" title=\"Deutsch\">Deutsch<\/a> verf\u00fcgbar.<\/p>","protected":false},"excerpt":{"rendered":"<p>Leider ist der Eintrag nur auf Deutsch verf\u00fcgbar.<\/p>\n","protected":false},"author":2,"featured_media":0,"comment_status":"closed","ping_status":"closed","sticky":false,"template":"","format":"standard","meta":{"footnotes":""},"categories":[1],"tags":[],"class_list":["post-11379","post","type-post","status-publish","format-standard","hentry","category-allgemein"],"_links":{"self":[{"href":"https:\/\/www.griechische-gemeinde-koeln.de\/gr\/wp-json\/wp\/v2\/posts\/11379","targetHints":{"allow":["GET"]}}],"collection":[{"href":"https:\/\/www.griechische-gemeinde-koeln.de\/gr\/wp-json\/wp\/v2\/posts"}],"about":[{"href":"https:\/\/www.griechische-gemeinde-koeln.de\/gr\/wp-json\/wp\/v2\/types\/post"}],"author":[{"embeddable":true,"href":"https:\/\/www.griechische-gemeinde-koeln.de\/gr\/wp-json\/wp\/v2\/users\/2"}],"replies":[{"embeddable":true,"href":"https:\/\/www.griechische-gemeinde-koeln.de\/gr\/wp-json\/wp\/v2\/comments?post=11379"}],"version-history":[{"count":3,"href":"https:\/\/www.griechische-gemeinde-koeln.de\/gr\/wp-json\/wp\/v2\/posts\/11379\/revisions"}],"predecessor-version":[{"id":11383,"href":"https:\/\/www.griechische-gemeinde-koeln.de\/gr\/wp-json\/wp\/v2\/posts\/11379\/revisions\/11383"}],"wp:attachment":[{"href":"https:\/\/www.griechische-gemeinde-koeln.de\/gr\/wp-json\/wp\/v2\/media?parent=11379"}],"wp:term":[{"taxonomy":"category","embeddable":true,"href":"https:\/\/www.griechische-gemeinde-koeln.de\/gr\/wp-json\/wp\/v2\/categories?post=11379"},{"taxonomy":"post_tag","embeddable":true,"href":"https:\/\/www.griechische-gemeinde-koeln.de\/gr\/wp-json\/wp\/v2\/tags?post=11379"}],"curies":[{"name":"wp","href":"https:\/\/api.w.org\/{rel}","templated":true}]}}