{"id":10852,"date":"2013-12-02T11:54:18","date_gmt":"2013-12-02T09:54:18","guid":{"rendered":"http:\/\/www.griechische-gemeinde-koeln.de\/?p=10852"},"modified":"2013-12-02T11:54:24","modified_gmt":"2013-12-02T09:54:24","slug":"die-perser-von-aischylos-ubersetzung-von-heiner-muller-nach-einer-ubertragung-von-peter-witzmann","status":"publish","type":"post","link":"https:\/\/www.griechische-gemeinde-koeln.de\/gr\/die-perser-von-aischylos-ubersetzung-von-heiner-muller-nach-einer-ubertragung-von-peter-witzmann\/","title":{"rendered":"(Deutsch) Die Perser von Aischylos \u2013 \u00dcbersetzung von Heiner M\u00fcller, nach einer \u00dcbertragung von Peter Witzmann"},"content":{"rendered":"<p class=\"qtranxs-available-languages-message qtranxs-available-languages-message-gr\">Leider ist der Eintrag nur auf <a href=\"https:\/\/www.griechische-gemeinde-koeln.de\/de\/wp-json\/wp\/v2\/posts\/10852\" class=\"qtranxs-available-language-link qtranxs-available-language-link-de\" title=\"Deutsch\">Deutsch<\/a> verf\u00fcgbar.<\/p>","protected":false},"excerpt":{"rendered":"<p>Leider ist der Eintrag nur auf Deutsch verf\u00fcgbar.<\/p>\n","protected":false},"author":2,"featured_media":0,"comment_status":"closed","ping_status":"closed","sticky":false,"template":"","format":"standard","meta":{"footnotes":""},"categories":[1],"tags":[],"class_list":["post-10852","post","type-post","status-publish","format-standard","hentry","category-allgemein"],"_links":{"self":[{"href":"https:\/\/www.griechische-gemeinde-koeln.de\/gr\/wp-json\/wp\/v2\/posts\/10852","targetHints":{"allow":["GET"]}}],"collection":[{"href":"https:\/\/www.griechische-gemeinde-koeln.de\/gr\/wp-json\/wp\/v2\/posts"}],"about":[{"href":"https:\/\/www.griechische-gemeinde-koeln.de\/gr\/wp-json\/wp\/v2\/types\/post"}],"author":[{"embeddable":true,"href":"https:\/\/www.griechische-gemeinde-koeln.de\/gr\/wp-json\/wp\/v2\/users\/2"}],"replies":[{"embeddable":true,"href":"https:\/\/www.griechische-gemeinde-koeln.de\/gr\/wp-json\/wp\/v2\/comments?post=10852"}],"version-history":[{"count":2,"href":"https:\/\/www.griechische-gemeinde-koeln.de\/gr\/wp-json\/wp\/v2\/posts\/10852\/revisions"}],"predecessor-version":[{"id":10855,"href":"https:\/\/www.griechische-gemeinde-koeln.de\/gr\/wp-json\/wp\/v2\/posts\/10852\/revisions\/10855"}],"wp:attachment":[{"href":"https:\/\/www.griechische-gemeinde-koeln.de\/gr\/wp-json\/wp\/v2\/media?parent=10852"}],"wp:term":[{"taxonomy":"category","embeddable":true,"href":"https:\/\/www.griechische-gemeinde-koeln.de\/gr\/wp-json\/wp\/v2\/categories?post=10852"},{"taxonomy":"post_tag","embeddable":true,"href":"https:\/\/www.griechische-gemeinde-koeln.de\/gr\/wp-json\/wp\/v2\/tags?post=10852"}],"curies":[{"name":"wp","href":"https:\/\/api.w.org\/{rel}","templated":true}]}}